{"id":3057,"date":"2026-02-24T15:07:27","date_gmt":"2026-02-24T15:07:27","guid":{"rendered":"https:\/\/upsmup.rs\/noviupsmup\/?p=3057"},"modified":"2026-02-24T15:07:27","modified_gmt":"2026-02-24T15:07:27","slug":"u-smederevskoj-palanci-tribina-penzionera","status":"publish","type":"post","link":"https:\/\/upsmup.rs\/noviupsmup\/u-smederevskoj-palanci-tribina-penzionera\/","title":{"rendered":"U SMEDEREVSKOJ PALANCI TRIBINA PENZIONERA"},"content":{"rendered":"<div class=\"mg-header\">\n<h1 class=\"title single\"><span class=\"mg-blog-date\" style=\"font-size: 12pt;\">Februar, 2026<\/span><\/h1>\n<\/div>\n<article class=\"page-content-single small single\">\n<div class=\"story-wrapper-inner\">\n<h1 class=\"title\">Odr\u017eana tribina za penzionere u Smederevskoj Palanci<\/h1>\n<div class=\"lead\">\n<p>S ciljem da se pribli\u017ei penzionerima, da \u010duje njihove potrebe i pomogne im da se dru\u0161tveno aktiviraju u tre\u0107em dobu, Fond PIO organizovao je jo\u0161 jedno dru\u017eenje s korisnicima i tribinu za vi\u0161e od 250 na\u0161ih najstarijih sugra\u0111ana u Smederevskoj Palanci.<\/p>\n<\/div>\n<div class=\"author-sorce-releaseDateTime-releaseDate-commentCount-socialShare\">\n<div class=\"storyMetaBar\">\n<div class=\"storyMetaBar\">Autor:\u00a0\u00a0<a class=\"bold\" href=\"https:\/\/bizportal.rs\/najnovije.html?author=1873&amp;authorLabel=Biljana%20Deliba%C5%A1i%C4%87\">Biljana Deliba\u0161i\u0107<\/a><\/div>\n<p><span class=\"releaseDate\">20.02.2026.<\/span><span class=\"releaseTime\">11:47<\/span><\/p>\n<\/div>\n<div class=\"addthis_toolbox addthis_default_style fix clearfix\">\n<div class=\"social-icons\"><\/div>\n<\/div>\n<\/div>\n<\/div>\n<div class=\"story-big-thumb\"><img decoding=\"async\" class=\" img-fluid\" title=\"\" src=\"https:\/\/bizportal.rs\/upload\/thumb\/2026\/2\/20\/11\/29\/437\/224156\/Smederevska_Palanka1.JPG\" alt=\"Odr\u017eana tribina za penzionere u Smederevskoj Palanci\" \/>&nbsp;<\/p>\n<div class=\"thumb-author\">Foto PIO<\/div>\n<\/div>\n<div class=\"story-body story-wrapper-inner\">\n<div id=\"story-body-101053218\" class=\"contentBody body\">\n<p>U\u010desnici tribine, direktor Republi\u010dkog fonda za penzijsko i invalidsko osiguranje, Relja Ognjenovi\u0107, predsednik Saveza penzionera Srbije, prof. dr Andreja Savi\u0107 i predsednik op\u0161tine Smederevska Palanka, Nikola Vu\u010den, odgovarali su na brojna pitanja penzionera, koja su se odnosila na njihova interesovanja i potrebe u oblasti unapre\u0111enja dru\u0161tvenog standarda.<br \/>\nPodr\u0161ku odr\u017eavanju ove tribine dali su Banka Po\u0161tanska \u0161tedionica i Dunav osiguranje.<\/p>\n<div class=\"box768 box-full\">\n<div class=\"boxImage\"><img decoding=\"async\" title=\"Smederevska_Palanka2 (1).JPG\" src=\"https:\/\/bizportal.rs\/upload\/\/media\/2026\/2\/20\/11\/10\/762\/1483584\/thumbs\/4286854\/Smederevska_Palanka2%20(1).JPG\" alt=\"Smederevska_Palanka2 (1).JPG\" \/>\u00a0<span class=\"boxCaption\">Foto: Fond PIO<\/span><\/div>\n<\/div>\n<p>Relja Ognjenovi\u0107 zahvalio je penzionerima za sve \u0161to su uradili za na\u0161u zemlju.<\/p>\n<p>\u201cOvde smo danas da razgovaramo, da \u010dujemo va\u0161e potrebe i probleme, ali ujedno i na neki na\u010din da vam se zahvalimo za sve ono \u0161to ste uradili za na\u0161u zemlju. Iza sebe imamo te\u0161ku godinu, a videli smo, kao \u0161to i sama na\u0161a akcija ka\u017ee, da su penzioneri oslonac svakog dru\u0161tva i mogli smo i ovog puta da se oslonimo na vas. Prepoznali ste napade na na\u0161u dr\u017eavu, stali odlu\u010dno uz svoju dr\u017eavu i niste dozvolili da nam bilo ko na\u0161u dr\u017eavu uru\u0161ava. Bori\u0107emo se zajedno, danas smo ovde da \u010dujemo vas, da \u010dujemo koji su va\u0161i predlozi, da \u010dujemo va\u0161e probleme, ali i sugestije na koji na\u010din i Republi\u010dki fond i udru\u017eenja penzionera i dr\u017eava Srbija treba da planiraju, da rade i da se odnose prema vama. Ovde smo napravili jedan tim, zajedno sa lokalnom samoupravom i predsednikom op\u0161tine, predsednikom udru\u017eenja penzionera, ali i direktorima Po\u0161tanske \u0161tedionice i Dunav osiguranja da poka\u017eemo jedan partnerski odnos. Jer, kao \u0161to ste vi zajedno \u00a0na\u0161u dr\u017eavu gradili i sagradili, tako i mi moramo zajedno da se borimo za vas. \u017delim vam da danas u\u017eivate, da se opustite i da nam ka\u017eete sve ono \u0161ta mislite da bi trebalo da popravimo, a ja vam obe\u0107avam da \u0107emo mi u narednom periodu da se borimo za vas. Hvala vam puno i \u017eivela Srbija!\u201d, poru\u010dio je Ognjenovi\u0107.<\/p>\n<div class=\"box768 box-full\">\n<div class=\"boxImage\"><img decoding=\"async\" title=\"Smederevska_Palanka3 (1).JPG\" src=\"https:\/\/bizportal.rs\/upload\/\/media\/2026\/2\/20\/11\/0\/356\/1483589\/thumbs\/4286869\/Smederevska_Palanka3%20(1).JPG\" alt=\"Smederevska_Palanka3 (1).JPG\" \/>\u00a0<span class=\"boxCaption\">Foto: Fond PIO<\/span><\/div>\n<\/div>\n<p>Povod za\u00a0<a href=\"https:\/\/bizportal.rs\/biz-info\/srbija\/101053076\/neki-radnici-odlaze-u-penziju-mnogo-ranije---ko-ima-pravo-na-beneficije-i-zasto.html\" target=\"_blank\" rel=\"noopener\">organizovanje tribine\u00a0<\/a>jeste upoznavanje korisnika sa aktuelnim informacijama iz oblasti penzijskog i invalidskog osiguranja i dobijanje povratne informacije o interesovanjima i potrebama u oblasti unapre\u0111enja dru\u0161tvenog standarda, koji obezbe\u0111uje Fond PIO.<br \/>\nPredvi\u0111eno je da se ove tribine odr\u017ee u svim ve\u0107im gradovima Srbije u okviru Me\u0111ugeneracijske solidarnosti i dru\u0161tvene inkluzije korisnika penzija, a aktivnosti \u0107e, kao i do sada, zajedno realizovati Savez penzionera i Fond PIO, uz podr\u0161ku partnerskih firmi. Dru\u017eenje u Smederevskoj Palanci je proteklo u dobrom raspolo\u017eenju i uz obostrano obe\u0107anje da \u0107emo biti podr\u0161ka jedni drugima kao i do sada.<\/p>\n<p>\u2014\u2014\u2014\u2014\u2014\u2014\u2014\u2014\u2014\u2014\u2014\u2014\u2014\u2014\u2014\u2014\u2014\u2014\u2014\u2014\u2014\u2014\u2014\u2014\u2014\u2014\u2014<\/p>\n<\/div>\n<\/div>\n<\/article>\n","protected":false},"excerpt":{"rendered":"<p>Februar, 2026 Odr\u017eana tribina za penzionere u Smederevskoj Palanci S ciljem da se pribli\u017ei penzionerima, da \u010duje njihove potrebe i pomogne im da se dru\u0161tveno aktiviraju u tre\u0107em dobu, Fond PIO organizovao je jo\u0161 jedno dru\u017eenje s korisnicima i tribinu za vi\u0161e od 250 na\u0161ih najstarijih sugra\u0111ana u Smederevskoj Palanci. Autor:\u00a0\u00a0Biljana Deliba\u0161i\u0107 20.02.2026.11:47 &nbsp; Foto [&hellip;]<\/p>\n","protected":false},"author":2,"featured_media":3058,"comment_status":"closed","ping_status":"closed","sticky":false,"template":"","format":"standard","meta":{"_lmt_disableupdate":"","_lmt_disable":"","footnotes":""},"categories":[3],"tags":[],"post_folder":[],"class_list":["post-3057","post","type-post","status-publish","format-standard","has-post-thumbnail","hentry","category-aktivnosti"],"modified_by":"Dusan Maksimovic","_links":{"self":[{"href":"https:\/\/upsmup.rs\/noviupsmup\/wp-json\/wp\/v2\/posts\/3057","targetHints":{"allow":["GET"]}}],"collection":[{"href":"https:\/\/upsmup.rs\/noviupsmup\/wp-json\/wp\/v2\/posts"}],"about":[{"href":"https:\/\/upsmup.rs\/noviupsmup\/wp-json\/wp\/v2\/types\/post"}],"author":[{"embeddable":true,"href":"https:\/\/upsmup.rs\/noviupsmup\/wp-json\/wp\/v2\/users\/2"}],"replies":[{"embeddable":true,"href":"https:\/\/upsmup.rs\/noviupsmup\/wp-json\/wp\/v2\/comments?post=3057"}],"version-history":[{"count":1,"href":"https:\/\/upsmup.rs\/noviupsmup\/wp-json\/wp\/v2\/posts\/3057\/revisions"}],"predecessor-version":[{"id":3059,"href":"https:\/\/upsmup.rs\/noviupsmup\/wp-json\/wp\/v2\/posts\/3057\/revisions\/3059"}],"wp:featuredmedia":[{"embeddable":true,"href":"https:\/\/upsmup.rs\/noviupsmup\/wp-json\/wp\/v2\/media\/3058"}],"wp:attachment":[{"href":"https:\/\/upsmup.rs\/noviupsmup\/wp-json\/wp\/v2\/media?parent=3057"}],"wp:term":[{"taxonomy":"category","embeddable":true,"href":"https:\/\/upsmup.rs\/noviupsmup\/wp-json\/wp\/v2\/categories?post=3057"},{"taxonomy":"post_tag","embeddable":true,"href":"https:\/\/upsmup.rs\/noviupsmup\/wp-json\/wp\/v2\/tags?post=3057"},{"taxonomy":"post_folder","embeddable":true,"href":"https:\/\/upsmup.rs\/noviupsmup\/wp-json\/wp\/v2\/post_folder?post=3057"}],"curies":[{"name":"wp","href":"https:\/\/api.w.org\/{rel}","templated":true}]}}