{"id":619,"date":"2021-01-24T14:08:52","date_gmt":"2021-01-24T14:08:52","guid":{"rendered":"https:\/\/upsmup.rs\/noviupsmup\/?p=619"},"modified":"2022-10-26T11:13:48","modified_gmt":"2022-10-26T11:13:48","slug":"iz-rada-pokreta-treceg-doba-srbije-i-bptd-dorcolijada","status":"publish","type":"post","link":"https:\/\/upsmup.rs\/noviupsmup\/iz-rada-pokreta-treceg-doba-srbije-i-bptd-dorcolijada\/","title":{"rendered":"IZ RADA POKRETA TRE\u0106EG DOBA SRBIJE I BPTD DOR\u0106OLIJADA"},"content":{"rendered":"<p><span style=\"font-size: 18pt;\"><span style=\"font-size: 14pt;\">januar 2021<\/span><br \/>\n<\/span><\/p>\n<p><span style=\"font-size: 14pt;\">SA WEBSAJTA POKRETA TRECEG DOBA SRBIJE<\/span><\/p>\n<p><span style=\"font-size: 12pt;\">\u00a0\u00a0\u00a0\u00a0\u00a0\u00a0\u00a0\u00a0\u00a0\u00a0\u00a0\u00a0\u00a0\u00a0\u00a0\u00a0\u00a0\u00a0\u00a0\u00a0\u00a0\u00a0\u00a0\u00a0\u00a0\u00a0\u00a0\u00a0\u00a0\u00a0\u00a0\u00a0\u00a0\u00a0\u00a0\u00a0\u00a0\u00a0\u00a0\u00a0\u00a0 \u00a0 \u00a0 \u00a0 \u00a0<\/span><\/p>\n<p style=\"text-align: center;\"><span style=\"font-size: 12pt;\"><span style=\"font-size: 36pt; color: #0000ff;\">POKRET TRE\u0106EG DOBA SRBIJE<\/span><\/span><\/p>\n<div class=\"block fix\" style=\"display: block; background: #fffef4 url('img\/columnRight_bg.png') repeat-x scroll left bottom; margin: 5px; padding: 30px 20px; color: #444444; font-family: 'Times New Roman', Times, serif; font-size: 16px; font-style: normal; font-variant-ligatures: normal; font-variant-caps: normal; font-weight: 400; letter-spacing: normal; text-align: start; text-indent: 0px; text-transform: none; white-space: normal; word-spacing: 0px; -webkit-text-stroke-width: 0px;\">\n<h2 style=\"margin: 0px 0px 15px; padding: 0px 0px 10px; font-weight: normal; color: #9c2f1a; font-size: 28px; border-bottom: 1px solid #e3ddc1; width: 568px; text-align: center;\"><span style=\"color: #333399; font-size: 36pt;\">\u00a0\u00a0\u00a0\u00a0\u00a0\u00a0\u00a0\u00a0\u00a0\u00a0\u00a0\u00a0\u00a0\u00a0\u00a0\u00a0\u00a0\u00a0\u00a0\u00a0\u00a0\u00a0\u00a0\u00a0\u00a0\u00a0\u00a0\u00a0\u00a0 \u00a0\u00a0\u00a0<span style=\"font-size: 24pt;\">Osniva\u010di<\/span><\/span><\/h2>\n<p style=\"margin: 0px; padding: 0px 0px 15px; text-align: center;\"><span style=\"color: #333399; font-size: 24pt;\">Osniva\u010di Pokreta tre\u0107eg doba Srbije su\u00a0<strong>Savez penzionera Srbije, Gradski odbor<\/strong><\/span><\/p>\n<p style=\"margin: 0px; padding: 0px 0px 15px; text-align: center;\"><span style=\"color: #333399; font-size: 24pt;\"><strong>Saveza penzionera Beograda, Udru\u017eenje penzionera grada Novog Sada, Udru\u017eenje\u00a0<\/strong><\/span><span style=\"color: #333399; font-size: 24pt;\"><strong>penzionera grada Ni\u0161a<\/strong>&#8230;<\/span><\/p>\n<p style=\"margin: 0px; padding: 0px 0px 15px; text-align: center;\"><span style=\"color: #333399; font-size: 36pt;\"><span style=\"font-size: 24pt;\"><strong>Pokret tre\u0107eg doba Srbije<\/strong>\u00a0okuplja sve koji nisu radno aktivni i koji imaju vi\u0161e od 60<\/span><\/span><\/p>\n<p style=\"margin: 0px; padding: 0px 0px 15px; text-align: center;\"><span style=\"color: #333399; font-size: 36pt;\"><span style=\"font-size: 24pt;\">godina, bez obzira da li su bili zaposleni ili ne, bez obzira da li su u drugim<\/span><\/span><\/p>\n<p style=\"margin: 0px; padding: 0px 0px 15px; text-align: center;\"><span style=\"color: #333399; font-size: 24pt;\">organizacijama ili udru\u017eenjima&#8230;<\/span><\/p>\n<div class=\"block fix\" style=\"display: block; background: #fffef4 url('img\/columnRight_bg.png') repeat-x scroll left bottom; margin: 5px; padding: 30px 20px; color: #444444; font-family: 'Times New Roman', Times, serif; font-size: 16px; font-style: normal; font-variant-ligatures: normal; font-variant-caps: normal; font-weight: 400; letter-spacing: normal; text-align: start; text-indent: 0px; text-transform: none; white-space: normal; word-spacing: 0px; -webkit-text-stroke-width: 0px;\">\n<h2 style=\"margin: 0px 0px 15px; padding: 0px 0px 10px; font-weight: normal; color: #9c2f1a; font-size: 28px; border-bottom: 1px solid #e3ddc1; width: 568px;\"><span style=\"font-size: 24pt;\">Ciljevi i zadaci<\/span><\/h2>\n<p style=\"margin: 0px; padding: 0px 0px 15px; text-align: center;\"><span style=\"font-size: 24pt; color: #993366;\"><strong>Pokret tre\u0107eg doba Srbije<\/strong>\u00a0je osnovan sa ciljem &#8211; da \u0161titi interese najstarije<\/span><\/p>\n<p style=\"margin: 0px; padding: 0px 0px 15px; text-align: center;\"><span style=\"font-size: 24pt; color: #993366;\">populacije, &#8211; da zastupa univerzalne vrednosti svake civilizacije koje podrazumevaju\u00a0<\/span><span style=\"font-size: 24pt; color: #993366;\">pravo na \u010dastan i dostojanstven \u017eivot, \u0161to zna\u010di pre svega obezbe\u0111enje uslova za\u00a0<\/span><span style=\"font-size: 24pt; color: #993366;\">egzistenciju, le\u010denje i pomo\u0107 u slu\u010daju bolesti, podmirenje kulturnih potreba, pravo\u00a0<\/span><span style=\"font-size: 24pt; color: #993366;\">na u\u017eivanje plodova svog dugogodi\u0161njeg rada, na human odnos porodi\u010dnog i drugog\u00a0<\/span><span style=\"font-size: 24pt; color: #993366;\">okru\u017eenja, na za\u0161titu svoje imovine, udru\u017eivanje radi me\u0111usobnog pomaganja,\u00a0<\/span><span style=\"font-size: 24pt; color: #993366;\">omogu\u0107avanje organizovanja radi za\u0161tite svojih interesa, &#8211; da organizuje i ponudi\u00a0<\/span><span style=\"font-size: 24pt; color: #993366;\">lokalnoj dru\u0161tvenoj zajednici aktiviranje stru\u010dnih i drugih potencijala svojih \u010dlanova<\/span><\/p>\n<p style=\"margin: 0px; padding: 0px 0px 15px; text-align: center;\"><span style=\"font-size: 24pt; color: #993366;\"><strong>Pokret tre\u0107eg doba Srbije<\/strong>\u00a0postavio je svojim \u010dlanovima zadatak, da se uz pomo\u0107<\/span><\/p>\n<p style=\"margin: 0px; padding: 0px 0px 15px; text-align: center;\"><span style=\"font-size: 24pt; color: #993366;\">stru\u010dnjaka raznih profila, prevashodno iz svojih redova, pojedina\u010dno i organizovano\u00a0<\/span><span style=\"font-size: 24pt; color: #993366;\">bore protiv siroma\u0161tva, bolesti, nemo\u0107i, usamljenosti, dosade, depresije, nepravdi i\u00a0<\/span><span style=\"font-size: 24pt; color: #993366;\">dru\u0161tvu&#8230; \u2013 za svoj mir, zdravlje i li\u010dnu i porodi\u010dnu sre\u0107u.<\/span><\/p>\n<p style=\"margin: 0px; padding: 0px 0px 15px; text-align: center;\"><span style=\"font-size: 24pt; color: #993366;\"><strong>Pokret tre\u0107eg doba Srbije<\/strong>\u00a0okuplja sve koji su zainteresovani da se ovi ciljevi i<\/span><\/p>\n<p style=\"margin: 0px; padding: 0px 0px 15px; text-align: center;\"><span style=\"font-size: 24pt; color: #993366;\">zadaci ostvare, kako bi se kroz razne aktivnosti afirmisala briga dru\u0161tva za najstariju\u00a0<\/span><span style=\"font-size: 24pt; color: #993366;\">populaciju, omogu\u0107ila mirna i sre\u0107na starost \u0161to ve\u0107em broju njenih \u010dlanova,\u00a0<\/span><span style=\"font-size: 24pt; color: #993366;\">produ\u017eio \u017eivotni vek, iskoristili stru\u010dni potencijali i \u017eivotno i radno iskustvo mnogih\u00a0<\/span><span style=\"font-size: 24pt; color: #993366;\">koji su jo\u0161 uvek u mo\u0107i da savetima i li\u010dnim u\u010de\u0161\u0107em pomognu proizvodne i druge\u00a0<\/span><span style=\"font-size: 24pt; color: #993366;\">procese&#8230;.<\/span><\/p>\n<p style=\"margin: 0px; padding: 0px 0px 15px; text-align: center;\"><span style=\"font-size: 24pt; color: #993366;\">===================================<\/span><\/p>\n<p style=\"margin: 0px; padding: 0px 0px 15px; text-align: center;\"><span style=\"font-size: 24pt; color: #993366;\"><span style=\"color: #339966;\">I<\/span><span style=\"color: #008080;\">Z RADA POKRETA TRECEG DOBA SRBIJE I<\/span><\/span><\/p>\n<p style=\"text-align: center;\"><span style=\"font-size: 24pt; color: #008080;\">\u00a0\u00a0\u00a0\u00a0\u00a0\u00a0\u00a0 BEOGRADSKOG POKRETA TRECEG DOBA DORCOLIJADE<\/span><\/p>\n<p><span style=\"font-size: 12pt;\">TEKST PREUZET IZ GLASA OSIGURANIKA<\/span><\/p>\n<p><span style=\"font-size: 12pt;\">IZDANJE 31. DECEMBRA 2020 GODINE<\/span><\/p>\n<\/div>\n<\/div>\n<p style=\"text-align: center;\"><img loading=\"lazy\" decoding=\"async\" class=\"alignnone wp-image-623\" src=\"https:\/\/upsmup.rs\/noviupsmup\/wp-content\/uploads\/2021\/01\/Trece_doba-225x300.jpg\" alt=\"\" width=\"656\" height=\"875\" srcset=\"https:\/\/upsmup.rs\/noviupsmup\/wp-content\/uploads\/2021\/01\/Trece_doba-225x300.jpg 225w, https:\/\/upsmup.rs\/noviupsmup\/wp-content\/uploads\/2021\/01\/Trece_doba-768x1024.jpg 768w, https:\/\/upsmup.rs\/noviupsmup\/wp-content\/uploads\/2021\/01\/Trece_doba-1152x1536.jpg 1152w, https:\/\/upsmup.rs\/noviupsmup\/wp-content\/uploads\/2021\/01\/Trece_doba.jpg 1200w\" sizes=\"auto, (max-width: 656px) 100vw, 656px\" \/><\/p>\n<p style=\"box-sizing: border-box; -webkit-font-smoothing: subpixel-antialiased; -webkit-text-stroke: 1px rgba(0, 0, 0, 0); margin: 0px 0px 10px; color: #333333; font-family: 'Open Sans', sans-serif; font-size: 15px; font-style: normal; font-variant-ligatures: normal; font-variant-caps: normal; font-weight: 400; letter-spacing: normal; orphans: 2; text-align: start; text-indent: 0px; text-transform: none; white-space: normal; widows: 2; word-spacing: 0px; background-color: #ffffff; text-decoration-thickness: initial; text-decoration-style: initial; text-decoration-color: initial;\"><span style=\"box-sizing: border-box; -webkit-font-smoothing: subpixel-antialiased; -webkit-text-stroke: 1px transparent; font-size: 12pt;\">TEKST PREUZET IZ GLASA OSIGURANIKA<\/span><\/p>\n<p style=\"box-sizing: border-box; -webkit-font-smoothing: subpixel-antialiased; -webkit-text-stroke: 1px rgba(0, 0, 0, 0); margin: 0px 0px 10px; color: #333333; font-family: 'Open Sans', sans-serif; font-size: 15px; font-style: normal; font-variant-ligatures: normal; font-variant-caps: normal; font-weight: 400; letter-spacing: normal; orphans: 2; text-align: start; text-indent: 0px; text-transform: none; white-space: normal; widows: 2; word-spacing: 0px; background-color: #ffffff; text-decoration-thickness: initial; text-decoration-style: initial; text-decoration-color: initial;\"><span style=\"box-sizing: border-box; -webkit-font-smoothing: subpixel-antialiased; -webkit-text-stroke: 1px transparent; font-size: 12pt;\">IZDANJE 31. januara 2021 GODINE<\/span><\/p>\n<p style=\"box-sizing: border-box; -webkit-font-smoothing: subpixel-antialiased; -webkit-text-stroke: 1px rgba(0, 0, 0, 0); margin: 0px 0px 10px; color: #333333; font-family: 'Open Sans', sans-serif; font-size: 15px; font-style: normal; font-variant-ligatures: normal; font-variant-caps: normal; font-weight: 400; letter-spacing: normal; orphans: 2; text-indent: 0px; text-transform: none; white-space: normal; widows: 2; word-spacing: 0px; background-color: #ffffff; text-decoration-thickness: initial; text-decoration-style: initial; text-decoration-color: initial; text-align: center;\"><img loading=\"lazy\" decoding=\"async\" style=\"box-sizing: border-box; -webkit-font-smoothing: subpixel-antialiased; -webkit-text-stroke: 1px transparent; border: 0px; vertical-align: middle; display: block; max-width: 100%; height: auto;\" src=\"http:\/\/www.dorcolijada.com\/images\/2018\/Glas_osiguranika.jpg\" alt=\"\" width=\"523\" height=\"170\" \/><\/p>\n<p style=\"box-sizing: border-box; -webkit-font-smoothing: subpixel-antialiased; -webkit-text-stroke: 1px rgba(0, 0, 0, 0); margin: 0px 0px 10px; color: #333333; font-family: 'Open Sans', sans-serif; font-size: 15px; font-style: normal; font-variant-ligatures: normal; font-variant-caps: normal; font-weight: 400; letter-spacing: normal; orphans: 2; text-indent: 0px; text-transform: none; white-space: normal; widows: 2; word-spacing: 0px; background-color: #ffffff; text-decoration-thickness: initial; text-decoration-style: initial; text-decoration-color: initial; text-align: center;\"><img loading=\"lazy\" decoding=\"async\" style=\"box-sizing: border-box; -webkit-font-smoothing: subpixel-antialiased; -webkit-text-stroke: 1px transparent; border: 0px; vertical-align: middle; display: block; max-width: 100%; height: auto;\" src=\"http:\/\/www.dorcolijada.com\/images\/2018\/BPTDSRBIJE.jpg\" alt=\"\" width=\"876\" height=\"863\" \/><\/p>\n<p style=\"box-sizing: border-box; -webkit-font-smoothing: subpixel-antialiased; -webkit-text-stroke: 1px rgba(0, 0, 0, 0); margin: 0px 0px 10px; color: #333333; font-family: 'Open Sans', sans-serif; font-size: 15px; font-style: normal; font-variant-ligatures: normal; font-variant-caps: normal; font-weight: 400; letter-spacing: normal; orphans: 2; text-indent: 0px; text-transform: none; white-space: normal; widows: 2; word-spacing: 0px; background-color: #ffffff; text-decoration-thickness: initial; text-decoration-style: initial; text-decoration-color: initial; text-align: center;\"><span style=\"box-sizing: border-box; -webkit-font-smoothing: subpixel-antialiased; -webkit-text-stroke: 1px transparent; font-size: 18pt;\">UREDNISTVO WEBSAJTA<br style=\"box-sizing: border-box; -webkit-font-smoothing: subpixel-antialiased; -webkit-text-stroke: 1px transparent;\" \/><\/span><\/p>\n<p style=\"box-sizing: border-box; -webkit-font-smoothing: subpixel-antialiased; -webkit-text-stroke: 1px rgba(0, 0, 0, 0); margin: 0px 0px 10px; color: #333333; font-family: 'Open Sans', sans-serif; font-size: 15px; font-style: normal; font-variant-ligatures: normal; font-variant-caps: normal; font-weight: 400; letter-spacing: normal; orphans: 2; text-indent: 0px; text-transform: none; white-space: normal; widows: 2; word-spacing: 0px; background-color: #ffffff; text-decoration-thickness: initial; text-decoration-style: initial; text-decoration-color: initial; text-align: center;\"><span style=\"box-sizing: border-box; -webkit-font-smoothing: subpixel-antialiased; -webkit-text-stroke: 1px transparent; font-size: 18pt; color: #3366ff;\">&#8212;&#8212;&#8212;&#8212;&#8212;&#8212;&#8212;&#8212;&#8212;&#8212;&#8212;&#8212;&#8212;&#8212;&#8212;-<\/span><\/p>\n","protected":false},"excerpt":{"rendered":"<p>januar 2021 SA WEBSAJTA POKRETA TRECEG DOBA SRBIJE \u00a0\u00a0\u00a0\u00a0\u00a0\u00a0\u00a0\u00a0\u00a0\u00a0\u00a0\u00a0\u00a0\u00a0\u00a0\u00a0\u00a0\u00a0\u00a0\u00a0\u00a0\u00a0\u00a0\u00a0\u00a0\u00a0\u00a0\u00a0\u00a0\u00a0\u00a0\u00a0\u00a0\u00a0\u00a0\u00a0\u00a0\u00a0\u00a0\u00a0\u00a0 \u00a0 \u00a0 \u00a0 \u00a0 POKRET TRE\u0106EG DOBA SRBIJE \u00a0\u00a0\u00a0\u00a0\u00a0\u00a0\u00a0\u00a0\u00a0\u00a0\u00a0\u00a0\u00a0\u00a0\u00a0\u00a0\u00a0\u00a0\u00a0\u00a0\u00a0\u00a0\u00a0\u00a0\u00a0\u00a0\u00a0\u00a0\u00a0 \u00a0\u00a0\u00a0Osniva\u010di Osniva\u010di Pokreta tre\u0107eg doba Srbije su\u00a0Savez penzionera Srbije, Gradski odbor Saveza penzionera Beograda, Udru\u017eenje penzionera grada Novog Sada, Udru\u017eenje\u00a0penzionera grada Ni\u0161a&#8230; Pokret tre\u0107eg doba Srbije\u00a0okuplja sve koji nisu radno aktivni i koji imaju vi\u0161e od 60 [&hellip;]<\/p>\n","protected":false},"author":1,"featured_media":621,"comment_status":"closed","ping_status":"closed","sticky":false,"template":"","format":"standard","meta":{"_lmt_disableupdate":"no","_lmt_disable":"no","footnotes":""},"categories":[3],"tags":[],"post_folder":[],"class_list":["post-619","post","type-post","status-publish","format-standard","has-post-thumbnail","hentry","category-aktivnosti"],"modified_by":"dujanovi","_links":{"self":[{"href":"https:\/\/upsmup.rs\/noviupsmup\/wp-json\/wp\/v2\/posts\/619","targetHints":{"allow":["GET"]}}],"collection":[{"href":"https:\/\/upsmup.rs\/noviupsmup\/wp-json\/wp\/v2\/posts"}],"about":[{"href":"https:\/\/upsmup.rs\/noviupsmup\/wp-json\/wp\/v2\/types\/post"}],"author":[{"embeddable":true,"href":"https:\/\/upsmup.rs\/noviupsmup\/wp-json\/wp\/v2\/users\/1"}],"replies":[{"embeddable":true,"href":"https:\/\/upsmup.rs\/noviupsmup\/wp-json\/wp\/v2\/comments?post=619"}],"version-history":[{"count":4,"href":"https:\/\/upsmup.rs\/noviupsmup\/wp-json\/wp\/v2\/posts\/619\/revisions"}],"predecessor-version":[{"id":1050,"href":"https:\/\/upsmup.rs\/noviupsmup\/wp-json\/wp\/v2\/posts\/619\/revisions\/1050"}],"wp:featuredmedia":[{"embeddable":true,"href":"https:\/\/upsmup.rs\/noviupsmup\/wp-json\/wp\/v2\/media\/621"}],"wp:attachment":[{"href":"https:\/\/upsmup.rs\/noviupsmup\/wp-json\/wp\/v2\/media?parent=619"}],"wp:term":[{"taxonomy":"category","embeddable":true,"href":"https:\/\/upsmup.rs\/noviupsmup\/wp-json\/wp\/v2\/categories?post=619"},{"taxonomy":"post_tag","embeddable":true,"href":"https:\/\/upsmup.rs\/noviupsmup\/wp-json\/wp\/v2\/tags?post=619"},{"taxonomy":"post_folder","embeddable":true,"href":"https:\/\/upsmup.rs\/noviupsmup\/wp-json\/wp\/v2\/post_folder?post=619"}],"curies":[{"name":"wp","href":"https:\/\/api.w.org\/{rel}","templated":true}]}}